{"id":49,"count":10,"description":"L\u2019ann\u00e9e 2035 peut sembler lointaine (c\u2019est l\u2019ann\u00e9e o\u00f9 le gouvernement f\u00e9d\u00e9ral exigera que la totalit\u00e9 des v\u00e9hicules l\u00e9gers vendus au Canada soit des v\u00e9hicules z\u00e9ro \u00e9mission), mais le moment est d\u00e9j\u00e0 venu de passer \u00e0 un parc de v\u00e9hicules \u00e9lectriques (VE). Le march\u00e9 regorge de plus en plus de voitures, de camions et de fourgonnettes \u00e9lectriques adapt\u00e9s aux parcs automobiles; les gouvernements provinciaux et f\u00e9d\u00e9ral offrent des incitatifs pour l\u2019achat de VE et de syst\u00e8mes de recharge; et il est de plus en plus reconnu que les VE sont moins co\u00fbteux \u00e0 poss\u00e9der et \u00e0 exploiter que les v\u00e9hicules conventionnels.\r\n\r\n[reasons-toc]","link":"https:\/\/evfleets.electricautonomy.ca\/fr\/raisons\/","name":"10 raisons pour une entreprise de prendre le virage vers l\u2019\u00e9lectrique","slug":"raisons","taxonomy":"category","parent":0,"meta":[],"acf":[],"yoast_head":"<title>10 raisons pour une entreprise de prendre le virage vers l\u2019\u00e9lectrique Archives - Parcs VE Pro<\/title>\n<meta name=\"robots\" content=\"index, follow, max-snippet:-1, max-image-preview:large, max-video-preview:-1\" \/>\n<link rel=\"canonical\" href=\"https:\/\/evfleets.electricautonomy.ca\/fr\/raisons\/\" \/>\n<meta property=\"og:locale\" content=\"fr_FR\" \/>\n<meta property=\"og:type\" content=\"article\" \/>\n<meta property=\"og:title\" content=\"10 raisons pour une entreprise de prendre le virage vers l\u2019\u00e9lectrique Archives - Parcs VE Pro\" \/>\n<meta property=\"og:description\" content=\"L\u2019ann\u00e9e 2035 peut sembler lointaine (c\u2019est l\u2019ann\u00e9e o\u00f9 le gouvernement f\u00e9d\u00e9ral exigera que la totalit\u00e9 des v\u00e9hicules l\u00e9gers vendus au Canada soit des v\u00e9hicules z\u00e9ro \u00e9mission), mais le moment est d\u00e9j\u00e0 venu de passer \u00e0 un parc de v\u00e9hicules \u00e9lectriques (VE). Le march\u00e9 regorge de plus en plus de voitures, de camions et de fourgonnettes \u00e9lectriques adapt\u00e9s aux parcs automobiles; les gouvernements provinciaux et f\u00e9d\u00e9ral offrent des incitatifs pour l\u2019achat de VE et de syst\u00e8mes de recharge; et il est de plus en plus reconnu que les VE sont moins co\u00fbteux \u00e0 poss\u00e9der et \u00e0 exploiter que les v\u00e9hicules conventionnels.  Sur cette page:1. R\u00e9duisez vos d\u00e9penses d\u2019exploitation2. Le nombre de VE adapt\u00e9s aux parcs automobiles augmente3. Profitez d\u2019incitatifs gouvernementaux pour l\u2019\u00e9lectrification4. Qui dit plus de fiabilit\u00e9, dit plus de temps sur la route5. Am\u00e9liorez la s\u00e9curit\u00e9 et le maintien en poste des chauffeurs6. Soyez pr\u00eat pour les futurs appels d\u2019offres7. Mettez-vous \u00e0 niveau d\u00e8s maintenant8. D\u00e9marquez-vous de la concurrence9. Devancez la r\u00e9glementation \u00e0 venir10. Participez \u00e0 la lutte contre les changements climatiques\" \/>\n<meta property=\"og:url\" content=\"https:\/\/evfleets.electricautonomy.ca\/fr\/raisons\/\" \/>\n<meta property=\"og:site_name\" content=\"Parcs VE Pro\" \/>\n<meta name=\"twitter:card\" content=\"summary_large_image\" \/>\n<script type=\"application\/ld+json\" class=\"yoast-schema-graph\">{\"@context\":\"https:\/\/schema.org\",\"@graph\":[{\"@type\":\"CollectionPage\",\"@id\":\"https:\/\/evfleets.electricautonomy.ca\/fr\/raisons\/\",\"url\":\"https:\/\/evfleets.electricautonomy.ca\/fr\/raisons\/\",\"name\":\"10 raisons pour une entreprise de prendre le virage vers l\u2019\u00e9lectrique Archives - Parcs VE Pro\",\"isPartOf\":{\"@id\":\"https:\/\/evfleets.electricautonomy.ca\/fr\/#website\"},\"breadcrumb\":{\"@id\":\"https:\/\/evfleets.electricautonomy.ca\/fr\/raisons\/#breadcrumb\"},\"inLanguage\":\"fr-FR\"},{\"@type\":\"BreadcrumbList\",\"@id\":\"https:\/\/evfleets.electricautonomy.ca\/fr\/raisons\/#breadcrumb\",\"itemListElement\":[{\"@type\":\"ListItem\",\"position\":1,\"name\":\"Home\",\"item\":\"https:\/\/evfleets.electricautonomy.ca\/fr\/\"},{\"@type\":\"ListItem\",\"position\":2,\"name\":\"10 raisons pour une entreprise de prendre le virage vers l\u2019\u00e9lectrique\"}]},{\"@type\":\"WebSite\",\"@id\":\"https:\/\/evfleets.electricautonomy.ca\/fr\/#website\",\"url\":\"https:\/\/evfleets.electricautonomy.ca\/fr\/\",\"name\":\"Parcs VE Pro\",\"description\":\"L&#039;avenir des parcs automobiles est \u00e9lectrique\",\"publisher\":{\"@id\":\"https:\/\/evfleets.electricautonomy.ca\/fr\/#organization\"},\"potentialAction\":[{\"@type\":\"SearchAction\",\"target\":{\"@type\":\"EntryPoint\",\"urlTemplate\":\"https:\/\/evfleets.electricautonomy.ca\/fr\/?s={search_term_string}\"},\"query-input\":\"required name=search_term_string\"}],\"inLanguage\":\"fr-FR\"},{\"@type\":\"Organization\",\"@id\":\"https:\/\/evfleets.electricautonomy.ca\/fr\/#organization\",\"name\":\"Parcs VE Pro\",\"url\":\"https:\/\/evfleets.electricautonomy.ca\/fr\/\",\"logo\":{\"@type\":\"ImageObject\",\"inLanguage\":\"fr-FR\",\"@id\":\"https:\/\/evfleets.electricautonomy.ca\/fr\/#\/schema\/logo\/image\/\",\"url\":\"https:\/\/evfleets.electricautonomy.ca\/fr\/wp-content\/uploads\/sites\/2\/2024\/06\/Parcs-VE-Logo-blanc.png\",\"contentUrl\":\"https:\/\/evfleets.electricautonomy.ca\/fr\/wp-content\/uploads\/sites\/2\/2024\/06\/Parcs-VE-Logo-blanc.png\",\"width\":786,\"height\":123,\"caption\":\"Parcs VE Pro\"},\"image\":{\"@id\":\"https:\/\/evfleets.electricautonomy.ca\/fr\/#\/schema\/logo\/image\/\"}}]}<\/script>","yoast_head_json":{"title":"10 raisons pour une entreprise de prendre le virage vers l\u2019\u00e9lectrique Archives - Parcs VE Pro","robots":{"index":"index","follow":"follow","max-snippet":"max-snippet:-1","max-image-preview":"max-image-preview:large","max-video-preview":"max-video-preview:-1"},"canonical":"https:\/\/evfleets.electricautonomy.ca\/fr\/raisons\/","og_locale":"fr_FR","og_type":"article","og_title":"10 raisons pour une entreprise de prendre le virage vers l\u2019\u00e9lectrique Archives - Parcs VE Pro","og_description":"L\u2019ann\u00e9e 2035 peut sembler lointaine (c\u2019est l\u2019ann\u00e9e o\u00f9 le gouvernement f\u00e9d\u00e9ral exigera que la totalit\u00e9 des v\u00e9hicules l\u00e9gers vendus au Canada soit des v\u00e9hicules z\u00e9ro \u00e9mission), mais le moment est d\u00e9j\u00e0 venu de passer \u00e0 un parc de v\u00e9hicules \u00e9lectriques (VE). Le march\u00e9 regorge de plus en plus de voitures, de camions et de fourgonnettes \u00e9lectriques adapt\u00e9s aux parcs automobiles; les gouvernements provinciaux et f\u00e9d\u00e9ral offrent des incitatifs pour l\u2019achat de VE et de syst\u00e8mes de recharge; et il est de plus en plus reconnu que les VE sont moins co\u00fbteux \u00e0 poss\u00e9der et \u00e0 exploiter que les v\u00e9hicules conventionnels.  Sur cette page:1. R\u00e9duisez vos d\u00e9penses d\u2019exploitation2. Le nombre de VE adapt\u00e9s aux parcs automobiles augmente3. Profitez d\u2019incitatifs gouvernementaux pour l\u2019\u00e9lectrification4. Qui dit plus de fiabilit\u00e9, dit plus de temps sur la route5. Am\u00e9liorez la s\u00e9curit\u00e9 et le maintien en poste des chauffeurs6. Soyez pr\u00eat pour les futurs appels d\u2019offres7. Mettez-vous \u00e0 niveau d\u00e8s maintenant8. D\u00e9marquez-vous de la concurrence9. Devancez la r\u00e9glementation \u00e0 venir10. Participez \u00e0 la lutte contre les changements climatiques","og_url":"https:\/\/evfleets.electricautonomy.ca\/fr\/raisons\/","og_site_name":"Parcs VE Pro","twitter_card":"summary_large_image","schema":{"@context":"https:\/\/schema.org","@graph":[{"@type":"CollectionPage","@id":"https:\/\/evfleets.electricautonomy.ca\/fr\/raisons\/","url":"https:\/\/evfleets.electricautonomy.ca\/fr\/raisons\/","name":"10 raisons pour une entreprise de prendre le virage vers l\u2019\u00e9lectrique Archives - Parcs VE Pro","isPartOf":{"@id":"https:\/\/evfleets.electricautonomy.ca\/fr\/#website"},"breadcrumb":{"@id":"https:\/\/evfleets.electricautonomy.ca\/fr\/raisons\/#breadcrumb"},"inLanguage":"fr-FR"},{"@type":"BreadcrumbList","@id":"https:\/\/evfleets.electricautonomy.ca\/fr\/raisons\/#breadcrumb","itemListElement":[{"@type":"ListItem","position":1,"name":"Home","item":"https:\/\/evfleets.electricautonomy.ca\/fr\/"},{"@type":"ListItem","position":2,"name":"10 raisons pour une entreprise de prendre le virage vers l\u2019\u00e9lectrique"}]},{"@type":"WebSite","@id":"https:\/\/evfleets.electricautonomy.ca\/fr\/#website","url":"https:\/\/evfleets.electricautonomy.ca\/fr\/","name":"Parcs VE Pro","description":"L&#039;avenir des parcs automobiles est \u00e9lectrique","publisher":{"@id":"https:\/\/evfleets.electricautonomy.ca\/fr\/#organization"},"potentialAction":[{"@type":"SearchAction","target":{"@type":"EntryPoint","urlTemplate":"https:\/\/evfleets.electricautonomy.ca\/fr\/?s={search_term_string}"},"query-input":"required name=search_term_string"}],"inLanguage":"fr-FR"},{"@type":"Organization","@id":"https:\/\/evfleets.electricautonomy.ca\/fr\/#organization","name":"Parcs VE Pro","url":"https:\/\/evfleets.electricautonomy.ca\/fr\/","logo":{"@type":"ImageObject","inLanguage":"fr-FR","@id":"https:\/\/evfleets.electricautonomy.ca\/fr\/#\/schema\/logo\/image\/","url":"https:\/\/evfleets.electricautonomy.ca\/fr\/wp-content\/uploads\/sites\/2\/2024\/06\/Parcs-VE-Logo-blanc.png","contentUrl":"https:\/\/evfleets.electricautonomy.ca\/fr\/wp-content\/uploads\/sites\/2\/2024\/06\/Parcs-VE-Logo-blanc.png","width":786,"height":123,"caption":"Parcs VE Pro"},"image":{"@id":"https:\/\/evfleets.electricautonomy.ca\/fr\/#\/schema\/logo\/image\/"}}]}},"_links":{"self":[{"href":"https:\/\/evfleets.electricautonomy.ca\/fr\/wp-json\/wp\/v2\/categories\/49","targetHints":{"allow":["GET"]}}],"collection":[{"href":"https:\/\/evfleets.electricautonomy.ca\/fr\/wp-json\/wp\/v2\/categories"}],"about":[{"href":"https:\/\/evfleets.electricautonomy.ca\/fr\/wp-json\/wp\/v2\/taxonomies\/category"}],"wp:post_type":[{"href":"https:\/\/evfleets.electricautonomy.ca\/fr\/wp-json\/wp\/v2\/posts?categories=49"},{"href":"https:\/\/evfleets.electricautonomy.ca\/fr\/wp-json\/wp\/v2\/groups?categories=49"}],"curies":[{"name":"wp","href":"https:\/\/api.w.org\/{rel}","templated":true}]}}